{"id":13471,"date":"2022-08-25T16:14:42","date_gmt":"2022-08-25T21:14:42","guid":{"rendered":"https:\/\/probarranquilla.org\/?p=13471"},"modified":"2022-10-04T09:24:04","modified_gmt":"2022-10-04T14:24:04","slug":"probarranquilla-te-conecta-fortalece-las-sinergias-entre-el-tejido-empresarial","status":"publish","type":"post","link":"https:\/\/probarranquilla.org\/en\/probarranquilla-te-conecta-fortalece-las-sinergias-entre-el-tejido-empresarial\/","title":{"rendered":"&#8220;ProBarranquilla Te Conecta&#8221; fortalece las sinergias entre el tejido empresarial"},"content":{"rendered":"<section class=\"wpb-content-wrapper\"><div class=\"vc_row wpb_row vc_row-fluid vc_row-bg-position-top\"><div class=\"wpb_column vc_column_container vc_col-sm-12\"><div class=\"vc_column-inner\"><div class=\"wpb_wrapper\">\n\t<div class=\"wpb_text_column wpb_content_element\" >\n\t\t<div class=\"wpb_wrapper\">\n\t\t\t<p><em>En su sexta versi\u00f3n, la rueda de negocios cont\u00f3 con la participaci\u00f3n de <strong>170 empresarios<\/strong> de diversos sectores industriales, de servicios y comerciales, que tuvieron alrededor de <strong>800 citas de negocios.<\/strong><\/em><\/p>\n<p>El pasado 24 y 25 de agosto ProBarranquilla realiz\u00f3 la sexta versi\u00f3n de su rueda de negocios \u201cProBarranquilla Te Conecta\u201d 2022 en el reci\u00e9n inaugurado Hotel Marriott de Barranquilla. La entidad lidera esta iniciativa con el apoyo de la Alcald\u00eda de Barranquilla, la Gobernaci\u00f3n del Atl\u00e1ntico y la C\u00e1mara de Comercio de Barranquilla.<\/p>\n<p><strong>\u00a0<\/strong><em>\u201cEs muy gratificante liderar un espacio de conexiones creado para inversionistas y empresarios, en donde buscamos generar sinergias entre el tejido empresarial local y tambi\u00e9n la exploraci\u00f3n de oportunidades de negocio con las nuevas compa\u00f1\u00edas que se est\u00e1n instalando en Barranquilla y el Atl\u00e1ntico. Una iniciativa como ProBarranquilla te Conecta resulta tan relevante para, como su nombre lo indica, generar conexiones de valor\u201d<\/em> afirma Vicky Osorio, Directora Ejecutiva de la entidad.<\/p>\n<p>La rueda de negocios inici\u00f3 con una agenda acad\u00e9mica conformada por 3 paneles enfocados en inversi\u00f3n sostenible, Barranquilla y el Atl\u00e1ntico como destino industrial con vocaci\u00f3n exportadora y el turismo como habilitador de inversi\u00f3n. Seguido de las reuniones 1 a 1 donde alrededor de <strong>170 empresarios e inversionistas<\/strong> atendieron m\u00e1s de <strong>800 citas de negocios<\/strong>, para suplir sus necesidades de proveedur\u00eda y tener acercamiento con potenciales aliados.<\/p>\n<p><em>\u201cDurante d\u00eda y medio logramos conectar de manera exitosa a los empresarios, lo cu\u00e1l qued\u00f3 en evidencia en la encuesta de evaluaci\u00f3n de la actividad, donde el 88% de los participantes reportaron que durante sus reuniones identificaron oportunidades de proveedur\u00eda o de negocio.\u201d <\/em>asegura Maria Alejandra Henriquez, Gerente de Inversiones de ProBarranquilla.<\/p>\n<p><strong>Inversi\u00f3n Sostenible<br \/><\/strong>Durante este espacio los panelistas; <strong>Ricardo Plata<\/strong>, <em>Secretario de Desarrollo de la Alcald\u00eda de Barranquilla<\/em>, <strong>Cory Wooten<\/strong>, <em>Head of Business Development de Amptricity<\/em> y <strong>Guillermo Rodriguez<\/strong>, <em>Gerente General de Mon\u00f3meros<\/em> conversaron sobre el panorama de la ciudad enfocado en tendencias mundiales de sostenibilidad, c\u00f3mo los proyectos del distrito se conectan con oportunidades de inversi\u00f3n con empresas innovadoras y cu\u00e1l es esa visi\u00f3n de territorio en materia de biodiverciudad y transici\u00f3n energ\u00e9tica. Destacaron adem\u00e1s los casos de \u00e9xito de Mon\u00f3meros con su proyecto de amoniaco verde y de la Alcald\u00eda de Barranquilla con la generaci\u00f3n de energ\u00eda e\u00f3lica.<\/p>\n<p>Amptricity es una empresa apasionada por convertirse en agentes de cambio y protecci\u00f3n del medio ambiente, quienes se encuentran explorando el territorio para traer su tecnolog\u00eda de almacenamiento de energ\u00eda con bater\u00edas estado s\u00f3lido, y de esta manera agilizar el proceso de transici\u00f3n energ\u00e9tica que lidera Barranquilla y Colombia. Respecto a las ventajas competitivas del territorio, <strong>Cory Wooten<\/strong> destac\u00f3 que Barranquilla tiene diferentes ventajas que la hacen posicionarse como un territorio estrat\u00e9gico gracias a su ubicaci\u00f3n, su capacidad de gesti\u00f3n y una excelente sinergia entre los sectores p\u00fablico y privado. Adicionalmente, resalt\u00f3 la labor de atracci\u00f3n de inversiones de ProBarranquilla por acercar estas ventajas a los empresarios en el momento adecuado para contemplar los beneficios de la ciudad.<\/p>\n<p><strong>\u00a0<\/strong>Respecto al panorama de la ciudad y el departamento en t\u00e9rminos de transici\u00f3n energ\u00e9tica, <strong>Guillermo Rodriguez<\/strong> afirm\u00f3 que hablar de Barranquilla es hablar del futuro y de sostenibilidad, haciendo \u00e9nfasis en que el tejido empresarial de Barranquilla est\u00e1 muy alineado con esta visi\u00f3n de largo plazo del territorio. De igual forma resalt\u00f3 que el futuro del pa\u00eds y de la ciudad, transita a trav\u00e9s de alianzas estrat\u00e9gicas entre sector p\u00fablico y sector privado, y en conjunto se trabaja para lograrlo.\u00a0 El Caribe y el Atl\u00e1ntico, tienen un rol fundamental en la transici\u00f3n energ\u00e9tica del pa\u00eds, para ello se debe realizar un uso estrat\u00e9gico del agua, aire y trabajo en equipo.<\/p>\n<p><strong>Barranquilla y el Atl\u00e1ntico, destino industrial con vocaci\u00f3n exportadora<\/strong><\/p>\n<p><strong>\u00a0<\/strong><strong>Gustavo Rojas<\/strong> <em>CEO de Steelforce Packaging<\/em> y <strong>Joey Genovesi<\/strong>, <em>Fundador y l\u00edder de Innovaci\u00f3n de Kolumi<\/em>, moderados por <strong>Juan Pablo Bojanini<\/strong> <em>Presidente de El Heraldo<\/em>, le contaron a los asistentes sobre sus empresas, cu\u00e1l fue su proceso de exploraci\u00f3n de destino y toma de decisi\u00f3n de instalaci\u00f3n en Barranquilla y el Atl\u00e1ntico, resaltando esos atributos que hacen de este el territorio ideal para ubicar sus negocios.<\/p>\n<p>Steelforce Packaging, empresa de comercio, procesamiento y distribuci\u00f3n de materias primas de embalaje de metal, especializada en soluciones de embalaje de metal, con operaciones locales en Europa, Asia, Am\u00e9rica Latina y Am\u00e9rica del Norte. Para <strong>Gustavo Rojas<\/strong>, Barranquilla tiene un potencial en las exportaciones por su ubicaci\u00f3n estrat\u00e9gica y puertos. Destac\u00f3 que por Barranquilla ingresa m\u00e1s del 60% del acero a Colombia, adem\u00e1s de contar con infraestructura para negocios muy competitivas, y con un nivel de profesionalizaci\u00f3n del capital humano. Siendo el nivel de preparaci\u00f3n de los Barranquilleros un factor importante que permiti\u00f3 posicionar la ciudad como un territorio favorable para los negocios.<\/p>\n<p><strong>\u00a0<\/strong><strong>Joey Genovesi<\/strong> cont\u00f3 sobre Kolumi, empresa que produce carcasas fundidas a presi\u00f3n, v\u00e1lvulas fundidas y sistemas de iluminaci\u00f3n, entre otros. Durante su intervenci\u00f3n hizo \u00e9nfasis en la importancia de su equipo de trabajo, y destac\u00f3 que en Barranquilla han encontrado un talento humano muy valioso que se sincroniza con la cultura de la empresa. Kolumi est\u00e1 comprometido con la reducci\u00f3n de consumos ineficientes, lo que permita generar mejores resultados ESG, siendo el tejido empresarial en Barranquilla muy importante en esta consecuci\u00f3n de objetivos.<\/p>\n<p><strong>El sector Turismo como habilitador de inversi\u00f3n<br \/><\/strong>Durante este panel moderado por <strong>Andr\u00e9s Escandon<\/strong>, <em>Director Regional de ICCA para Am\u00e9rica Latina y el Caribe<\/em>, <strong>Luis Humberto Mart\u00ednez<\/strong>, <em>Secretario de Desarrollo Econ\u00f3mico de la Gobernaci\u00f3n del Atl\u00e1ntico<\/em> y <strong>Melek Sabbag<\/strong>, <em>Accionista y Gerente de Caribe Aventura<\/em> hablaron sobre el potencial del territorio para albergar proyectos tur\u00edsticos, y sus efectos en la generaci\u00f3n de empleos, sentido de pertenencia y atracci\u00f3n privada, entre otros.<\/p>\n<p><strong>Andr\u00e9s Escandon<\/strong> enfatiz\u00f3 en que el turismo es un sector importante en el desarrollo y crecimiento de las econom\u00edas, actualmente el 10% del PIB mundial es generado por el Turismo, lo que implica que tiene una capacidad dinamizadora en diferentes sectores de los territorios.<\/p>\n<p>Por su parte <strong>Luis Humberto Mart\u00ednez<\/strong> explic\u00f3 como la Gobernaci\u00f3n del Atl\u00e1ntico le apuesta a reactivar la econom\u00eda a trav\u00e9s del turismo. Por eso se trabaja en proyectos como el plan de ordenamiento de playas, el centro de deportes n\u00e1uticos en Salinas del Rey, y el Centro Gastron\u00f3mica internacional en Pto Colombia.<\/p>\n<p>De igual manera, <strong>Melek Sabbag<\/strong> habl\u00f3 del impacto econ\u00f3mico del parque acu\u00e1tico, donde Caribe Aventura representa el potencial tur\u00edstico de la regi\u00f3n Caribe, es un sello de la identidad Caribe de Colombia, justamente sus atracciones son el resultado de un estudio de todos los sitios emblem\u00e1ticos de la regi\u00f3n. Proyectos de inversi\u00f3n como este son constantes en su construcci\u00f3n, nunca existe un momento en el que finalice, por lo tanto, siempre Caribe Aventura estar\u00e1 en constante reinversi\u00f3n e innovaci\u00f3n. El Turismo es transversal en impacto a todos los dem\u00e1s sectores.<\/p>\n<p><strong>About ProBarranquilla<br \/><\/strong>En ProBarranquilla, trabajamos por el posicionamiento y construcci\u00f3n de Barranquilla y el Atl\u00e1ntico como un territorio competitivo en desarrollo econ\u00f3mico, cohesi\u00f3n social y calidad de vida; enfocados en tres ejes estrat\u00e9gicos como los son: la atracci\u00f3n y retenci\u00f3n de inversiones, el desarrollo de una agenda intersectorial y la promoci\u00f3n del destino como id\u00f3neo para la industria de reuniones.\u00a0<\/p>\n\n\t\t<\/div>\n\t<\/div>\n<\/div><\/div><\/div><\/div><\/section>","protected":false},"excerpt":{"rendered":"<p>En su sexta versi\u00f3n, la rueda de negocios cont\u00f3 con la participaci\u00f3n de 170 empresarios de diversos sectores industriales, de servicios y comerciales, que tuvieron alrededor de 800 citas de negocios.<\/p>","protected":false},"author":1,"featured_media":13473,"comment_status":"open","ping_status":"closed","sticky":false,"template":"","format":"standard","meta":{"_tec_requires_first_save":true,"_EventAllDay":false,"_EventTimezone":"","_EventStartDate":"","_EventEndDate":"","_EventStartDateUTC":"","_EventEndDateUTC":"","_EventShowMap":false,"_EventShowMapLink":false,"_EventURL":"","_EventCost":"","_EventCostDescription":"","_EventCurrencySymbol":"","_EventCurrencyCode":"","_EventCurrencyPosition":"","_EventDateTimeSeparator":"","_EventTimeRangeSeparator":"","_EventOrganizerID":[],"_EventVenueID":[],"_OrganizerEmail":"","_OrganizerPhone":"","_OrganizerWebsite":"","_VenueAddress":"","_VenueCity":"","_VenueCountry":"","_VenueProvince":"","_VenueState":"","_VenueZip":"","_VenuePhone":"","_VenueURL":"","_VenueStateProvince":"","_VenueLat":"","_VenueLng":"","_VenueShowMap":false,"_VenueShowMapLink":false,"_tribe_blocks_recurrence_rules":"","_tribe_blocks_recurrence_description":"","_tribe_blocks_recurrence_exclusions":"","footnotes":""},"categories":[257],"tags":[],"class_list":["post-13471","post","type-post","status-publish","format-standard","has-post-thumbnail","hentry","category-probarranquilla"],"acf":[],"yoast_head":"<!-- This site is optimized with the Yoast SEO plugin v27.5 - https:\/\/yoast.com\/product\/yoast-seo-wordpress\/ -->\n<title>&quot;ProBarranquilla Te Conecta&quot; fortalece las sinergias entre el tejido empresarial | ProBarranquilla<\/title>\n<meta name=\"description\" content=\"Los proyectos de inversi\u00f3n instalados en Barranquilla y el Atl\u00e1ntico han generado 1.379 empleos durante el primer semestre de 2022.En su sexta versi\u00f3n, la rueda de negocios cont\u00f3 con la participaci\u00f3n de 170 empresarios de diversos sectores industriales, de servicios y comerciales, que tuvieron alrededor de 800 citas de negocios.\" \/>\n<meta name=\"robots\" content=\"index, follow, max-snippet:-1, max-image-preview:large, max-video-preview:-1\" \/>\n<link rel=\"canonical\" href=\"https:\/\/probarranquilla.org\/en\/probarranquilla-te-conecta-fortalece-las-sinergias-entre-el-tejido-empresarial\/\" \/>\n<meta property=\"og:locale\" content=\"en_US\" \/>\n<meta property=\"og:type\" content=\"article\" \/>\n<meta property=\"og:title\" content=\"ProBarranquilla\" \/>\n<meta property=\"og:description\" content=\"Los proyectos de inversi\u00f3n instalados en Barranquilla y el Atl\u00e1ntico han generado 1.379 empleos durante el primer semestre de 2022.En su sexta versi\u00f3n, la rueda de negocios cont\u00f3 con la participaci\u00f3n de 170 empresarios de diversos sectores industriales, de servicios y comerciales, que tuvieron alrededor de 800 citas de negocios.\" \/>\n<meta property=\"og:url\" content=\"https:\/\/probarranquilla.org\/en\/probarranquilla-te-conecta-fortalece-las-sinergias-entre-el-tejido-empresarial\/\" \/>\n<meta property=\"og:site_name\" content=\"ProBarranquilla\" \/>\n<meta property=\"article:publisher\" content=\"https:\/\/www.facebook.com\/ProBarranquilla\/\" \/>\n<meta property=\"article:published_time\" content=\"2022-08-25T21:14:42+00:00\" \/>\n<meta property=\"article:modified_time\" content=\"2022-10-04T14:24:04+00:00\" \/>\n<meta property=\"og:image\" content=\"https:\/\/probarranquilla.org\/wp-content\/uploads\/2022\/08\/redes-sociales-probaq.png\" \/>\n\t<meta property=\"og:image:width\" content=\"500\" \/>\n\t<meta property=\"og:image:height\" content=\"250\" \/>\n\t<meta property=\"og:image:type\" content=\"image\/png\" \/>\n<meta name=\"author\" content=\"probaqadmin\" \/>\n<meta name=\"twitter:card\" content=\"summary_large_image\" \/>\n<meta name=\"twitter:image\" content=\"https:\/\/probarranquilla.org\/wp-content\/uploads\/2022\/08\/redes-sociales-probaq-1.png\" \/>\n<meta name=\"twitter:creator\" content=\"@ProBaq\" \/>\n<meta name=\"twitter:site\" content=\"@ProBaq\" \/>\n<meta name=\"twitter:label1\" content=\"Written by\" \/>\n\t<meta name=\"twitter:data1\" content=\"probaqadmin\" \/>\n\t<meta name=\"twitter:label2\" content=\"Est. reading time\" \/>\n\t<meta name=\"twitter:data2\" content=\"6 minutes\" \/>\n<script type=\"application\/ld+json\" class=\"yoast-schema-graph\">{\"@context\":\"https:\\\/\\\/schema.org\",\"@graph\":[{\"@type\":\"Article\",\"@id\":\"https:\\\/\\\/probarranquilla.org\\\/probarranquilla-te-conecta-fortalece-las-sinergias-entre-el-tejido-empresarial\\\/#article\",\"isPartOf\":{\"@id\":\"https:\\\/\\\/probarranquilla.org\\\/probarranquilla-te-conecta-fortalece-las-sinergias-entre-el-tejido-empresarial\\\/\"},\"author\":{\"name\":\"probaqadmin\",\"@id\":\"https:\\\/\\\/probarranquilla.org\\\/#\\\/schema\\\/person\\\/ee5fd2ee07cd9d478b17accfd158d71d\"},\"headline\":\"&#8220;ProBarranquilla Te Conecta&#8221; fortalece las sinergias entre el tejido empresarial\",\"datePublished\":\"2022-08-25T21:14:42+00:00\",\"dateModified\":\"2022-10-04T14:24:04+00:00\",\"mainEntityOfPage\":{\"@id\":\"https:\\\/\\\/probarranquilla.org\\\/probarranquilla-te-conecta-fortalece-las-sinergias-entre-el-tejido-empresarial\\\/\"},\"wordCount\":1323,\"commentCount\":0,\"publisher\":{\"@id\":\"https:\\\/\\\/probarranquilla.org\\\/#organization\"},\"image\":{\"@id\":\"https:\\\/\\\/probarranquilla.org\\\/probarranquilla-te-conecta-fortalece-las-sinergias-entre-el-tejido-empresarial\\\/#primaryimage\"},\"thumbnailUrl\":\"https:\\\/\\\/probarranquilla.org\\\/wp-content\\\/uploads\\\/2022\\\/08\\\/Noticia-4-1.jpg\",\"articleSection\":[\"ProBarranquilla\"],\"inLanguage\":\"en-US\",\"potentialAction\":[{\"@type\":\"CommentAction\",\"name\":\"Comment\",\"target\":[\"https:\\\/\\\/probarranquilla.org\\\/probarranquilla-te-conecta-fortalece-las-sinergias-entre-el-tejido-empresarial\\\/#respond\"]}]},{\"@type\":\"WebPage\",\"@id\":\"https:\\\/\\\/probarranquilla.org\\\/probarranquilla-te-conecta-fortalece-las-sinergias-entre-el-tejido-empresarial\\\/\",\"url\":\"https:\\\/\\\/probarranquilla.org\\\/probarranquilla-te-conecta-fortalece-las-sinergias-entre-el-tejido-empresarial\\\/\",\"name\":\"\\\"ProBarranquilla Te Conecta\\\" fortalece las sinergias entre el tejido empresarial | ProBarranquilla\",\"isPartOf\":{\"@id\":\"https:\\\/\\\/probarranquilla.org\\\/#website\"},\"primaryImageOfPage\":{\"@id\":\"https:\\\/\\\/probarranquilla.org\\\/probarranquilla-te-conecta-fortalece-las-sinergias-entre-el-tejido-empresarial\\\/#primaryimage\"},\"image\":{\"@id\":\"https:\\\/\\\/probarranquilla.org\\\/probarranquilla-te-conecta-fortalece-las-sinergias-entre-el-tejido-empresarial\\\/#primaryimage\"},\"thumbnailUrl\":\"https:\\\/\\\/probarranquilla.org\\\/wp-content\\\/uploads\\\/2022\\\/08\\\/Noticia-4-1.jpg\",\"datePublished\":\"2022-08-25T21:14:42+00:00\",\"dateModified\":\"2022-10-04T14:24:04+00:00\",\"description\":\"Los proyectos de inversi\u00f3n instalados en Barranquilla y el Atl\u00e1ntico han generado 1.379 empleos durante el primer semestre de 2022.En su sexta versi\u00f3n, la rueda de negocios cont\u00f3 con la participaci\u00f3n de 170 empresarios de diversos sectores industriales, de servicios y comerciales, que tuvieron alrededor de 800 citas de negocios.\",\"breadcrumb\":{\"@id\":\"https:\\\/\\\/probarranquilla.org\\\/probarranquilla-te-conecta-fortalece-las-sinergias-entre-el-tejido-empresarial\\\/#breadcrumb\"},\"inLanguage\":\"en-US\",\"potentialAction\":[{\"@type\":\"ReadAction\",\"target\":[\"https:\\\/\\\/probarranquilla.org\\\/probarranquilla-te-conecta-fortalece-las-sinergias-entre-el-tejido-empresarial\\\/\"]}]},{\"@type\":\"ImageObject\",\"inLanguage\":\"en-US\",\"@id\":\"https:\\\/\\\/probarranquilla.org\\\/probarranquilla-te-conecta-fortalece-las-sinergias-entre-el-tejido-empresarial\\\/#primaryimage\",\"url\":\"https:\\\/\\\/probarranquilla.org\\\/wp-content\\\/uploads\\\/2022\\\/08\\\/Noticia-4-1.jpg\",\"contentUrl\":\"https:\\\/\\\/probarranquilla.org\\\/wp-content\\\/uploads\\\/2022\\\/08\\\/Noticia-4-1.jpg\",\"width\":800,\"height\":440,\"caption\":\"ProBarranquilla Te Conecta\u201d fortalece las sinergias entre el tejido empresarial\"},{\"@type\":\"BreadcrumbList\",\"@id\":\"https:\\\/\\\/probarranquilla.org\\\/probarranquilla-te-conecta-fortalece-las-sinergias-entre-el-tejido-empresarial\\\/#breadcrumb\",\"itemListElement\":[{\"@type\":\"ListItem\",\"position\":1,\"name\":\"Inicio\",\"item\":\"https:\\\/\\\/probarranquilla.org\\\/\"},{\"@type\":\"ListItem\",\"position\":2,\"name\":\"ProBarranquilla\",\"item\":\"https:\\\/\\\/probarranquilla.org\\\/category\\\/probarranquilla\\\/\"},{\"@type\":\"ListItem\",\"position\":3,\"name\":\"&#8220;ProBarranquilla Te Conecta&#8221; fortalece las sinergias entre el tejido empresarial\"}]},{\"@type\":\"WebSite\",\"@id\":\"https:\\\/\\\/probarranquilla.org\\\/#website\",\"url\":\"https:\\\/\\\/probarranquilla.org\\\/\",\"name\":\"ProBarranquilla\",\"description\":\"ProBarranquilla\",\"publisher\":{\"@id\":\"https:\\\/\\\/probarranquilla.org\\\/#organization\"},\"potentialAction\":[{\"@type\":\"SearchAction\",\"target\":{\"@type\":\"EntryPoint\",\"urlTemplate\":\"https:\\\/\\\/probarranquilla.org\\\/?s={search_term_string}\"},\"query-input\":{\"@type\":\"PropertyValueSpecification\",\"valueRequired\":true,\"valueName\":\"search_term_string\"}}],\"inLanguage\":\"en-US\"},{\"@type\":\"Organization\",\"@id\":\"https:\\\/\\\/probarranquilla.org\\\/#organization\",\"name\":\"ProBarranquilla\",\"url\":\"https:\\\/\\\/probarranquilla.org\\\/\",\"logo\":{\"@type\":\"ImageObject\",\"inLanguage\":\"en-US\",\"@id\":\"https:\\\/\\\/probarranquilla.org\\\/#\\\/schema\\\/logo\\\/image\\\/\",\"url\":\"https:\\\/\\\/9pcc8a.p3cdn1.secureserver.net\\\/wp-content\\\/uploads\\\/2022\\\/08\\\/redes-sociales-probaq-1.png?time=1669419395\",\"contentUrl\":\"https:\\\/\\\/9pcc8a.p3cdn1.secureserver.net\\\/wp-content\\\/uploads\\\/2022\\\/08\\\/redes-sociales-probaq-1.png?time=1669419395\",\"width\":500,\"height\":250,\"caption\":\"ProBarranquilla\"},\"image\":{\"@id\":\"https:\\\/\\\/probarranquilla.org\\\/#\\\/schema\\\/logo\\\/image\\\/\"},\"sameAs\":[\"https:\\\/\\\/www.facebook.com\\\/ProBarranquilla\\\/\",\"https:\\\/\\\/x.com\\\/ProBaq\"]},{\"@type\":\"Person\",\"@id\":\"https:\\\/\\\/probarranquilla.org\\\/#\\\/schema\\\/person\\\/ee5fd2ee07cd9d478b17accfd158d71d\",\"name\":\"probaqadmin\",\"image\":{\"@type\":\"ImageObject\",\"inLanguage\":\"en-US\",\"@id\":\"https:\\\/\\\/secure.gravatar.com\\\/avatar\\\/f044e48f3a9c4d19792b48b4861bb40b44e9768b376808eb6f6eb1dfe7ff7349?s=96&d=mm&r=g\",\"url\":\"https:\\\/\\\/secure.gravatar.com\\\/avatar\\\/f044e48f3a9c4d19792b48b4861bb40b44e9768b376808eb6f6eb1dfe7ff7349?s=96&d=mm&r=g\",\"contentUrl\":\"https:\\\/\\\/secure.gravatar.com\\\/avatar\\\/f044e48f3a9c4d19792b48b4861bb40b44e9768b376808eb6f6eb1dfe7ff7349?s=96&d=mm&r=g\",\"caption\":\"probaqadmin\"},\"sameAs\":[\"https:\\\/\\\/probarranquilla.org\\\/\"],\"url\":\"https:\\\/\\\/probarranquilla.org\\\/en\\\/author\\\/probaqadmin\\\/\"}]}<\/script>\n<!-- \/ Yoast SEO plugin. -->","yoast_head_json":{"title":"\"ProBarranquilla Te Conecta\" fortalece las sinergias entre el tejido empresarial | ProBarranquilla","description":"Los proyectos de inversi\u00f3n instalados en Barranquilla y el Atl\u00e1ntico han generado 1.379 empleos durante el primer semestre de 2022.En su sexta versi\u00f3n, la rueda de negocios cont\u00f3 con la participaci\u00f3n de 170 empresarios de diversos sectores industriales, de servicios y comerciales, que tuvieron alrededor de 800 citas de negocios.","robots":{"index":"index","follow":"follow","max-snippet":"max-snippet:-1","max-image-preview":"max-image-preview:large","max-video-preview":"max-video-preview:-1"},"canonical":"https:\/\/probarranquilla.org\/en\/probarranquilla-te-conecta-fortalece-las-sinergias-entre-el-tejido-empresarial\/","og_locale":"en_US","og_type":"article","og_title":"ProBarranquilla","og_description":"Los proyectos de inversi\u00f3n instalados en Barranquilla y el Atl\u00e1ntico han generado 1.379 empleos durante el primer semestre de 2022.En su sexta versi\u00f3n, la rueda de negocios cont\u00f3 con la participaci\u00f3n de 170 empresarios de diversos sectores industriales, de servicios y comerciales, que tuvieron alrededor de 800 citas de negocios.","og_url":"https:\/\/probarranquilla.org\/en\/probarranquilla-te-conecta-fortalece-las-sinergias-entre-el-tejido-empresarial\/","og_site_name":"ProBarranquilla","article_publisher":"https:\/\/www.facebook.com\/ProBarranquilla\/","article_published_time":"2022-08-25T21:14:42+00:00","article_modified_time":"2022-10-04T14:24:04+00:00","og_image":[{"width":500,"height":250,"url":"https:\/\/probarranquilla.org\/wp-content\/uploads\/2022\/08\/redes-sociales-probaq.png","type":"image\/png"}],"author":"probaqadmin","twitter_card":"summary_large_image","twitter_image":"https:\/\/probarranquilla.org\/wp-content\/uploads\/2022\/08\/redes-sociales-probaq-1.png","twitter_creator":"@ProBaq","twitter_site":"@ProBaq","twitter_misc":{"Written by":"probaqadmin","Est. reading time":"6 minutes"},"schema":{"@context":"https:\/\/schema.org","@graph":[{"@type":"Article","@id":"https:\/\/probarranquilla.org\/probarranquilla-te-conecta-fortalece-las-sinergias-entre-el-tejido-empresarial\/#article","isPartOf":{"@id":"https:\/\/probarranquilla.org\/probarranquilla-te-conecta-fortalece-las-sinergias-entre-el-tejido-empresarial\/"},"author":{"name":"probaqadmin","@id":"https:\/\/probarranquilla.org\/#\/schema\/person\/ee5fd2ee07cd9d478b17accfd158d71d"},"headline":"&#8220;ProBarranquilla Te Conecta&#8221; fortalece las sinergias entre el tejido empresarial","datePublished":"2022-08-25T21:14:42+00:00","dateModified":"2022-10-04T14:24:04+00:00","mainEntityOfPage":{"@id":"https:\/\/probarranquilla.org\/probarranquilla-te-conecta-fortalece-las-sinergias-entre-el-tejido-empresarial\/"},"wordCount":1323,"commentCount":0,"publisher":{"@id":"https:\/\/probarranquilla.org\/#organization"},"image":{"@id":"https:\/\/probarranquilla.org\/probarranquilla-te-conecta-fortalece-las-sinergias-entre-el-tejido-empresarial\/#primaryimage"},"thumbnailUrl":"https:\/\/probarranquilla.org\/wp-content\/uploads\/2022\/08\/Noticia-4-1.jpg","articleSection":["ProBarranquilla"],"inLanguage":"en-US","potentialAction":[{"@type":"CommentAction","name":"Comment","target":["https:\/\/probarranquilla.org\/probarranquilla-te-conecta-fortalece-las-sinergias-entre-el-tejido-empresarial\/#respond"]}]},{"@type":"WebPage","@id":"https:\/\/probarranquilla.org\/probarranquilla-te-conecta-fortalece-las-sinergias-entre-el-tejido-empresarial\/","url":"https:\/\/probarranquilla.org\/probarranquilla-te-conecta-fortalece-las-sinergias-entre-el-tejido-empresarial\/","name":"\"ProBarranquilla Te Conecta\" fortalece las sinergias entre el tejido empresarial | ProBarranquilla","isPartOf":{"@id":"https:\/\/probarranquilla.org\/#website"},"primaryImageOfPage":{"@id":"https:\/\/probarranquilla.org\/probarranquilla-te-conecta-fortalece-las-sinergias-entre-el-tejido-empresarial\/#primaryimage"},"image":{"@id":"https:\/\/probarranquilla.org\/probarranquilla-te-conecta-fortalece-las-sinergias-entre-el-tejido-empresarial\/#primaryimage"},"thumbnailUrl":"https:\/\/probarranquilla.org\/wp-content\/uploads\/2022\/08\/Noticia-4-1.jpg","datePublished":"2022-08-25T21:14:42+00:00","dateModified":"2022-10-04T14:24:04+00:00","description":"Los proyectos de inversi\u00f3n instalados en Barranquilla y el Atl\u00e1ntico han generado 1.379 empleos durante el primer semestre de 2022.En su sexta versi\u00f3n, la rueda de negocios cont\u00f3 con la participaci\u00f3n de 170 empresarios de diversos sectores industriales, de servicios y comerciales, que tuvieron alrededor de 800 citas de negocios.","breadcrumb":{"@id":"https:\/\/probarranquilla.org\/probarranquilla-te-conecta-fortalece-las-sinergias-entre-el-tejido-empresarial\/#breadcrumb"},"inLanguage":"en-US","potentialAction":[{"@type":"ReadAction","target":["https:\/\/probarranquilla.org\/probarranquilla-te-conecta-fortalece-las-sinergias-entre-el-tejido-empresarial\/"]}]},{"@type":"ImageObject","inLanguage":"en-US","@id":"https:\/\/probarranquilla.org\/probarranquilla-te-conecta-fortalece-las-sinergias-entre-el-tejido-empresarial\/#primaryimage","url":"https:\/\/probarranquilla.org\/wp-content\/uploads\/2022\/08\/Noticia-4-1.jpg","contentUrl":"https:\/\/probarranquilla.org\/wp-content\/uploads\/2022\/08\/Noticia-4-1.jpg","width":800,"height":440,"caption":"ProBarranquilla Te Conecta\u201d fortalece las sinergias entre el tejido empresarial"},{"@type":"BreadcrumbList","@id":"https:\/\/probarranquilla.org\/probarranquilla-te-conecta-fortalece-las-sinergias-entre-el-tejido-empresarial\/#breadcrumb","itemListElement":[{"@type":"ListItem","position":1,"name":"Inicio","item":"https:\/\/probarranquilla.org\/"},{"@type":"ListItem","position":2,"name":"ProBarranquilla","item":"https:\/\/probarranquilla.org\/category\/probarranquilla\/"},{"@type":"ListItem","position":3,"name":"&#8220;ProBarranquilla Te Conecta&#8221; fortalece las sinergias entre el tejido empresarial"}]},{"@type":"WebSite","@id":"https:\/\/probarranquilla.org\/#website","url":"https:\/\/probarranquilla.org\/","name":"ProBarranquilla","description":"ProBarranquilla","publisher":{"@id":"https:\/\/probarranquilla.org\/#organization"},"potentialAction":[{"@type":"SearchAction","target":{"@type":"EntryPoint","urlTemplate":"https:\/\/probarranquilla.org\/?s={search_term_string}"},"query-input":{"@type":"PropertyValueSpecification","valueRequired":true,"valueName":"search_term_string"}}],"inLanguage":"en-US"},{"@type":"Organization","@id":"https:\/\/probarranquilla.org\/#organization","name":"ProBarranquilla","url":"https:\/\/probarranquilla.org\/","logo":{"@type":"ImageObject","inLanguage":"en-US","@id":"https:\/\/probarranquilla.org\/#\/schema\/logo\/image\/","url":"https:\/\/9pcc8a.p3cdn1.secureserver.net\/wp-content\/uploads\/2022\/08\/redes-sociales-probaq-1.png?time=1669419395","contentUrl":"https:\/\/9pcc8a.p3cdn1.secureserver.net\/wp-content\/uploads\/2022\/08\/redes-sociales-probaq-1.png?time=1669419395","width":500,"height":250,"caption":"ProBarranquilla"},"image":{"@id":"https:\/\/probarranquilla.org\/#\/schema\/logo\/image\/"},"sameAs":["https:\/\/www.facebook.com\/ProBarranquilla\/","https:\/\/x.com\/ProBaq"]},{"@type":"Person","@id":"https:\/\/probarranquilla.org\/#\/schema\/person\/ee5fd2ee07cd9d478b17accfd158d71d","name":"probaqadmin","image":{"@type":"ImageObject","inLanguage":"en-US","@id":"https:\/\/secure.gravatar.com\/avatar\/f044e48f3a9c4d19792b48b4861bb40b44e9768b376808eb6f6eb1dfe7ff7349?s=96&d=mm&r=g","url":"https:\/\/secure.gravatar.com\/avatar\/f044e48f3a9c4d19792b48b4861bb40b44e9768b376808eb6f6eb1dfe7ff7349?s=96&d=mm&r=g","contentUrl":"https:\/\/secure.gravatar.com\/avatar\/f044e48f3a9c4d19792b48b4861bb40b44e9768b376808eb6f6eb1dfe7ff7349?s=96&d=mm&r=g","caption":"probaqadmin"},"sameAs":["https:\/\/probarranquilla.org\/"],"url":"https:\/\/probarranquilla.org\/en\/author\/probaqadmin\/"}]}},"_links":{"self":[{"href":"https:\/\/probarranquilla.org\/en\/wp-json\/wp\/v2\/posts\/13471","targetHints":{"allow":["GET"]}}],"collection":[{"href":"https:\/\/probarranquilla.org\/en\/wp-json\/wp\/v2\/posts"}],"about":[{"href":"https:\/\/probarranquilla.org\/en\/wp-json\/wp\/v2\/types\/post"}],"author":[{"embeddable":true,"href":"https:\/\/probarranquilla.org\/en\/wp-json\/wp\/v2\/users\/1"}],"replies":[{"embeddable":true,"href":"https:\/\/probarranquilla.org\/en\/wp-json\/wp\/v2\/comments?post=13471"}],"version-history":[{"count":0,"href":"https:\/\/probarranquilla.org\/en\/wp-json\/wp\/v2\/posts\/13471\/revisions"}],"wp:featuredmedia":[{"embeddable":true,"href":"https:\/\/probarranquilla.org\/en\/wp-json\/wp\/v2\/media\/13473"}],"wp:attachment":[{"href":"https:\/\/probarranquilla.org\/en\/wp-json\/wp\/v2\/media?parent=13471"}],"wp:term":[{"taxonomy":"category","embeddable":true,"href":"https:\/\/probarranquilla.org\/en\/wp-json\/wp\/v2\/categories?post=13471"},{"taxonomy":"post_tag","embeddable":true,"href":"https:\/\/probarranquilla.org\/en\/wp-json\/wp\/v2\/tags?post=13471"}],"curies":[{"name":"wp","href":"https:\/\/api.w.org\/{rel}","templated":true}]}}