{"id":13907,"date":"2022-11-01T15:26:00","date_gmt":"2022-11-01T20:26:00","guid":{"rendered":"https:\/\/probarranquilla.org\/?p=13907"},"modified":"2022-11-24T16:35:58","modified_gmt":"2022-11-24T21:35:58","slug":"probarranquilla-te-cuenta-las-buenas-noticias-de-barranquilla-y-el-atlantico","status":"publish","type":"post","link":"https:\/\/probarranquilla.org\/en\/probarranquilla-te-cuenta-las-buenas-noticias-de-barranquilla-y-el-atlantico\/","title":{"rendered":"ProBarranquilla te cuenta las buenas noticias de Barranquilla y el Atl\u00e1ntico"},"content":{"rendered":"<section class=\"wpb-content-wrapper\"><div class=\"vc_row wpb_row vc_row-fluid vc_row-bg-position-top\"><div class=\"wpb_column vc_column_container vc_col-sm-12\"><div class=\"vc_column-inner\"><div class=\"wpb_wrapper\">\n\t<div class=\"wpb_text_column wpb_content_element\" >\n\t\t<div class=\"wpb_wrapper\">\n\t\t\t<p><span style=\"color: #27388d;\"><strong>Palabras de nuestra directora ejecutiva Vicky Osorio\u00a0<\/strong><\/span><\/p>\n\n\t\t<\/div>\n\t<\/div>\n\n\t<div class=\"wpb_video_widget wpb_content_element vc_clearfix   vc_video-aspect-ratio-169 vc_video-el-width-100 vc_video-align-left\" >\n\t\t<div class=\"wpb_wrapper\">\n\t\t\t\n\t\t\t<div class=\"wpb_video_wrapper\"><iframe title=\"Boletin ProBarranquilla Te Cuenta edici\u00f3n n\u00b0 1\" width=\"500\" height=\"281\" src=\"https:\/\/www.youtube.com\/embed\/GAbUux2htdY?feature=oembed\" frameborder=\"0\" allow=\"accelerometer; autoplay; clipboard-write; encrypted-media; gyroscope; picture-in-picture; web-share\" referrerpolicy=\"strict-origin-when-cross-origin\" allowfullscreen><\/iframe><\/div>\n\t\t<\/div>\n\t<\/div>\n<div class=\"vc_separator wpb_content_element vc_separator_align_center vc_sep_width_100 vc_sep_pos_align_center vc_separator_no_text vc_sep_color_grey vc_custom_1667335014582  vc_custom_1667335014582\" ><span class=\"vc_sep_holder vc_sep_holder_l\"><span class=\"vc_sep_line\"><\/span><\/span><span class=\"vc_sep_holder vc_sep_holder_r\"><span class=\"vc_sep_line\"><\/span><\/span>\n<\/div>\n\t<div class=\"wpb_text_column wpb_content_element  vc_custom_1667334858479\" >\n\t\t<div class=\"wpb_wrapper\">\n\t\t\t<p><span style=\"color: #333333;\"><strong>Resaltamos las ventajas competitivas de Barranquilla y el Atl\u00e1ntico\u00a0ante l\u00edderes empresariales espa\u00f1oles<\/strong><\/span><\/p>\n\n\t\t<\/div>\n\t<\/div>\n\n\t<div class=\"wpb_video_widget wpb_content_element vc_clearfix   vc_video-aspect-ratio-169 vc_video-el-width-100 vc_video-align-left\" >\n\t\t<div class=\"wpb_wrapper\">\n\t\t\t\n\t\t\t<div class=\"wpb_video_wrapper\"><iframe title=\"BWHAT&#039;S NEW ON FDI - Where to Invest? How to Invest? What Are the Trends?\" width=\"500\" height=\"281\" src=\"https:\/\/www.youtube.com\/embed\/v_y-SZL4U8k?feature=oembed\" frameborder=\"0\" allow=\"accelerometer; autoplay; clipboard-write; encrypted-media; gyroscope; picture-in-picture; web-share\" referrerpolicy=\"strict-origin-when-cross-origin\" allowfullscreen><\/iframe><\/div>\n\t\t<\/div>\n\t<\/div>\n\n\t<div class=\"wpb_text_column wpb_content_element  vc_custom_1667334906743\" >\n\t\t<div class=\"wpb_wrapper\">\n\t\t\t<p>Participamos en el Barcelona New Economy Week, un evento organizado por el Consorci Barcelona Zona Franca, transmitido a toda Espa\u00f1a en un formato h\u00edbrido con altos est\u00e1ndares de producci\u00f3n.\u00a0El evento cont\u00f3 con\u00a0una agenda acad\u00e9mica con m\u00e1s de 600 ponentes\u00a0que abordaron tendencias en 6 l\u00edneas tem\u00e1ticas: sostenibilidad, industria digital, inversi\u00f3n, talento, movilidad y bienes ra\u00edces.<\/p>\n<p>All\u00ed nuestra directora ejecutiva, Vicky Osorio, particip\u00f3\u00a0en dos paneles, el primero sobre tendencias de inversi\u00f3n, y el segundo acerca de \u2018nearshoring\u2019 donde resaltamos ante los l\u00edderes empresariales espa\u00f1oles, las ventajas competitivas de nuestro territorio y por qu\u00e9 somos un destino atractivo para invertir.<\/p>\n\n\t\t<\/div>\n\t<\/div>\n<\/div><\/div><\/div><\/div><div class=\"vc_row wpb_row vc_row-fluid vc_row-bg-position-top\"><div class=\"wpb_column vc_column_container vc_col-sm-12\"><div class=\"vc_column-inner\"><div class=\"wpb_wrapper\"><div class=\"vc_btn3-container vc_btn3-inline\" ><a style=\"background-color:#27388d; color:#ffffff;\" class=\"vc_general vc_btn3 vc_btn3-size-md vc_btn3-shape-rounded vc_btn3-style-custom\" href=\"https:\/\/www.linkedin.com\/posts\/probarranquilla_barranquilla-y-atl%C3%A1ntico-territorio-de-activity-6983473122586816516-Juai\/?utm_source=share&#038;utm_medium=member_desktop\" title=\"\" target=\"_blank\">Read more<\/a><\/div><div class=\"vc_separator wpb_content_element vc_separator_align_center vc_sep_width_100 vc_sep_pos_align_center vc_separator_no_text vc_sep_color_grey vc_custom_1667335014582  vc_custom_1667335014582\" ><span class=\"vc_sep_holder vc_sep_holder_l\"><span class=\"vc_sep_line\"><\/span><\/span><span class=\"vc_sep_holder vc_sep_holder_r\"><span class=\"vc_sep_line\"><\/span><\/span>\n<\/div>\n\t<div class=\"wpb_text_column wpb_content_element  vc_custom_1667335059087\" >\n\t\t<div class=\"wpb_wrapper\">\n\t\t\t<p><strong>Mostramos nuestro potencial tur\u00edstico en la feria del sector m\u00e1s grande de Latinoam\u00e9rica<\/strong><\/p>\n\n\t\t<\/div>\n\t<\/div>\n<\/div><\/div><\/div><\/div><div class=\"vc_row wpb_row vc_row-fluid vc_row-bg-position-top\"><div class=\"wpb_column vc_column_container vc_col-sm-12\"><div class=\"vc_column-inner\"><div class=\"wpb_wrapper\">\n\t<div  class=\"wpb_single_image wpb_content_element vc_align_left\">\n\t\t\n\t\t<figure class=\"wpb_wrapper vc_figure\">\n\t\t\t<div class=\"vc_single_image-wrapper   vc_box_border_grey\"><img fetchpriority=\"high\" decoding=\"async\" width=\"1024\" height=\"768\" src=\"https:\/\/probarranquilla.org\/wp-content\/uploads\/2022\/11\/06ed5a72-3c5b-d612-9625-61953a8322b1.jpeg\" class=\"vc_single_image-img attachment-full\" alt=\"\" title=\"06ed5a72-3c5b-d612-9625-61953a8322b1\" srcset=\"https:\/\/probarranquilla.org\/wp-content\/uploads\/2022\/11\/06ed5a72-3c5b-d612-9625-61953a8322b1.jpeg 1024w, https:\/\/probarranquilla.org\/wp-content\/uploads\/2022\/11\/06ed5a72-3c5b-d612-9625-61953a8322b1-300x225.jpeg 300w, https:\/\/probarranquilla.org\/wp-content\/uploads\/2022\/11\/06ed5a72-3c5b-d612-9625-61953a8322b1-768x576.jpeg 768w, https:\/\/probarranquilla.org\/wp-content\/uploads\/2022\/11\/06ed5a72-3c5b-d612-9625-61953a8322b1-16x12.jpeg 16w, https:\/\/probarranquilla.org\/wp-content\/uploads\/2022\/11\/06ed5a72-3c5b-d612-9625-61953a8322b1-800x600.jpeg 800w\" sizes=\"(max-width: 1024px) 100vw, 1024px\" \/><\/div>\n\t\t<\/figure>\n\t<\/div>\n\n\t<div class=\"wpb_text_column wpb_content_element  vc_custom_1667335160638\" >\n\t\t<div class=\"wpb_wrapper\">\n\t\t\t<p>Asistimos en alianza con la Alcald\u00eda de Barranquilla y la Gobernaci\u00f3n del Atl\u00e1ntico a Fit Argentina, la feria de turismo m\u00e1s importante de Latinoam\u00e9rica, donde mostramos nuestros atributos en turismo vacacional y de negocios ante este destino que conoc\u00eda muy poco de nuestro territorio.<\/p>\n<p>De la mano de ICCA, la asociaci\u00f3n de turismo de negocios m\u00e1s importante del mundo, realizamos reuniones paralelas con el gobierno argentino, espec\u00edficamente de Mar del Plata y Buenos Aires.\u00a0 Adem\u00e1s estuvimos presentes en la inauguraci\u00f3n oficial del stand de Colombia en el que, frente a m\u00e1s de 30 empresarios de la industria y el destino, resaltamos nuestro potencial en esta industria.<\/p>\n\n\t\t<\/div>\n\t<\/div>\n<div class=\"vc_separator wpb_content_element vc_separator_align_center vc_sep_width_100 vc_sep_pos_align_center vc_separator_no_text vc_sep_color_grey vc_custom_1667335014582  vc_custom_1667335014582\" ><span class=\"vc_sep_holder vc_sep_holder_l\"><span class=\"vc_sep_line\"><\/span><\/span><span class=\"vc_sep_holder vc_sep_holder_r\"><span class=\"vc_sep_line\"><\/span><\/span>\n<\/div>\n\t<div class=\"wpb_text_column wpb_content_element  vc_custom_1667335207495\" >\n\t\t<div class=\"wpb_wrapper\">\n\t\t\t<p><strong>Buscamos impulsar el crecimiento del sector BPO en la ciudad y el departamento\u00a0<\/strong><\/p>\n\n\t\t<\/div>\n\t<\/div>\n\n\t<div  class=\"wpb_single_image wpb_content_element vc_align_left\">\n\t\t\n\t\t<figure class=\"wpb_wrapper vc_figure\">\n\t\t\t<div class=\"vc_single_image-wrapper   vc_box_border_grey\"><img decoding=\"async\" width=\"800\" height=\"600\" src=\"https:\/\/probarranquilla.org\/wp-content\/uploads\/2022\/11\/d581af1b-8b06-2b38-1ea8-2f75e35fa6d4.jpeg\" class=\"vc_single_image-img attachment-full\" alt=\"\" title=\"d581af1b-8b06-2b38-1ea8-2f75e35fa6d4\" srcset=\"https:\/\/probarranquilla.org\/wp-content\/uploads\/2022\/11\/d581af1b-8b06-2b38-1ea8-2f75e35fa6d4.jpeg 800w, https:\/\/probarranquilla.org\/wp-content\/uploads\/2022\/11\/d581af1b-8b06-2b38-1ea8-2f75e35fa6d4-300x225.jpeg 300w, https:\/\/probarranquilla.org\/wp-content\/uploads\/2022\/11\/d581af1b-8b06-2b38-1ea8-2f75e35fa6d4-768x576.jpeg 768w, https:\/\/probarranquilla.org\/wp-content\/uploads\/2022\/11\/d581af1b-8b06-2b38-1ea8-2f75e35fa6d4-16x12.jpeg 16w\" sizes=\"(max-width: 800px) 100vw, 800px\" \/><\/div>\n\t\t<\/figure>\n\t<\/div>\n\n\t<div class=\"wpb_text_column wpb_content_element  vc_custom_1667335269895\" >\n\t\t<div class=\"wpb_wrapper\">\n\t\t\t<p>Acompa\u00f1amos a BPRO Colombia, junto a la Alcald\u00eda de Barranquilla\u00a0en el Consejo Regional de\u00a0Atl\u00e1ntico, un espacio para conversar sobre el impacto del sector BPO en Colombia, as\u00ed como de los programas e iniciativas p\u00fablico &#8211; privadas que buscan impulsar el crecimiento del sector en el territorio.<\/p>\n\n\t\t<\/div>\n\t<\/div>\n<div class=\"vc_separator wpb_content_element vc_separator_align_center vc_sep_width_100 vc_sep_pos_align_center vc_separator_no_text vc_sep_color_grey vc_custom_1667335014582  vc_custom_1667335014582\" ><span class=\"vc_sep_holder vc_sep_holder_l\"><span class=\"vc_sep_line\"><\/span><\/span><span class=\"vc_sep_holder vc_sep_holder_r\"><span class=\"vc_sep_line\"><\/span><\/span>\n<\/div>\n\t<div class=\"wpb_text_column wpb_content_element  vc_custom_1667335311750\" >\n\t\t<div class=\"wpb_wrapper\">\n\t\t\t<p><strong>Invitamos a periodistas nacionales y locales a conocer todo el desarrollo portuario, industrial y tur\u00edstico de nuestra regi\u00f3n<\/strong><\/p>\n\n\t\t<\/div>\n\t<\/div>\n\n\t<div  class=\"wpb_single_image wpb_content_element vc_align_left\">\n\t\t\n\t\t<figure class=\"wpb_wrapper vc_figure\">\n\t\t\t<div class=\"vc_single_image-wrapper   vc_box_border_grey\"><img decoding=\"async\" width=\"1024\" height=\"768\" src=\"https:\/\/probarranquilla.org\/wp-content\/uploads\/2022\/11\/c8f05008-9a23-ddc2-bd19-0690c4f0afe6.jpeg\" class=\"vc_single_image-img attachment-full\" alt=\"\" title=\"c8f05008-9a23-ddc2-bd19-0690c4f0afe6\" srcset=\"https:\/\/probarranquilla.org\/wp-content\/uploads\/2022\/11\/c8f05008-9a23-ddc2-bd19-0690c4f0afe6.jpeg 1024w, https:\/\/probarranquilla.org\/wp-content\/uploads\/2022\/11\/c8f05008-9a23-ddc2-bd19-0690c4f0afe6-300x225.jpeg 300w, https:\/\/probarranquilla.org\/wp-content\/uploads\/2022\/11\/c8f05008-9a23-ddc2-bd19-0690c4f0afe6-768x576.jpeg 768w, https:\/\/probarranquilla.org\/wp-content\/uploads\/2022\/11\/c8f05008-9a23-ddc2-bd19-0690c4f0afe6-16x12.jpeg 16w, https:\/\/probarranquilla.org\/wp-content\/uploads\/2022\/11\/c8f05008-9a23-ddc2-bd19-0690c4f0afe6-800x600.jpeg 800w\" sizes=\"(max-width: 1024px) 100vw, 1024px\" \/><\/div>\n\t\t<\/figure>\n\t<\/div>\n\n\t<div class=\"wpb_text_column wpb_content_element  vc_custom_1667335416023\" >\n\t\t<div class=\"wpb_wrapper\">\n\t\t\t<p>En alianza con el Puerto de Barranquilla,\u00a0invitamos\u00a0a diferentes medios nacionales y locales, para\u00a0contarles de primera mano sobre el desarrollo portuario, industrial y tur\u00edstico que da vida a nuestra regi\u00f3n.<\/p>\n<p>Durante una jornada de dos d\u00edas, nuestros invitados tuvieron un conversatorio junto a Vicky Osorio,\u00a0directora ejecutiva de ProBarranquilla y Ren\u00e9 Puche,\u00a0presidente del Puerto de Barranquilla. Tambi\u00e9n\u00a0disfrutaron de una experiencia de ciudad recorriendo el R\u00edo Magdalena, as\u00ed como un taller con Andr\u00e9s Orrego, periodista y director del diario chileno\u00a0<a href=\"https:\/\/portalportuario.cl\/\" target=\"_blank\" rel=\"noopener\">PortalPortuario.cl<\/a>,\u00a0en un espacio para compartir experiencias, casos de \u00e9xito y analizar c\u00f3mo a trav\u00e9s del Periodismo, posicionamos al territorio y sus fortalezas como plataforma log\u00edstica portuaria.<\/p>\n\n\t\t<\/div>\n\t<\/div>\n<div class=\"vc_separator wpb_content_element vc_separator_align_center vc_sep_width_100 vc_sep_pos_align_center vc_separator_no_text vc_sep_color_grey vc_custom_1667335014582  vc_custom_1667335014582\" ><span class=\"vc_sep_holder vc_sep_holder_l\"><span class=\"vc_sep_line\"><\/span><\/span><span class=\"vc_sep_holder vc_sep_holder_r\"><span class=\"vc_sep_line\"><\/span><\/span>\n<\/div>\n\t<div class=\"wpb_text_column wpb_content_element  vc_custom_1667335459422\" >\n\t\t<div class=\"wpb_wrapper\">\n\t\t\t<p><strong>Participamos en la C\u00e1tedra Europa de la Universidad del Norte<\/strong><\/p>\n\n\t\t<\/div>\n\t<\/div>\n\n\t<div  class=\"wpb_single_image wpb_content_element vc_align_left\">\n\t\t\n\t\t<figure class=\"wpb_wrapper vc_figure\">\n\t\t\t<div class=\"vc_single_image-wrapper   vc_box_border_grey\"><img loading=\"lazy\" decoding=\"async\" width=\"800\" height=\"533\" src=\"https:\/\/probarranquilla.org\/wp-content\/uploads\/2022\/11\/4a266eb8-5bc7-c5c0-f124-b66e277af9fd.jpeg\" class=\"vc_single_image-img attachment-full\" alt=\"Participamos en la C\u00e1tedra Europa de la Universidad del Norte\" title=\"4a266eb8-5bc7-c5c0-f124-b66e277af9fd\" srcset=\"https:\/\/probarranquilla.org\/wp-content\/uploads\/2022\/11\/4a266eb8-5bc7-c5c0-f124-b66e277af9fd.jpeg 800w, https:\/\/probarranquilla.org\/wp-content\/uploads\/2022\/11\/4a266eb8-5bc7-c5c0-f124-b66e277af9fd-300x200.jpeg 300w, https:\/\/probarranquilla.org\/wp-content\/uploads\/2022\/11\/4a266eb8-5bc7-c5c0-f124-b66e277af9fd-768x512.jpeg 768w, https:\/\/probarranquilla.org\/wp-content\/uploads\/2022\/11\/4a266eb8-5bc7-c5c0-f124-b66e277af9fd-18x12.jpeg 18w\" sizes=\"(max-width: 800px) 100vw, 800px\" \/><\/div>\n\t\t<\/figure>\n\t<\/div>\n\n\t<div class=\"wpb_text_column wpb_content_element  vc_custom_1667335514318\" >\n\t\t<div class=\"wpb_wrapper\">\n\t\t\t<p>Vicky Osorio, directora ejecutiva de ProBarranquilla, particip\u00f3 en la C\u00e1tedra Europa de la\u00a0Universidad del Norte\u00a0en el marco de sus 25 a\u00f1os, en el espacio \u201cNegocios entre el Caribe y Finlandia\u201d, pa\u00eds invitado de honor para esta edici\u00f3n del evento.<\/p>\n<p>En su presentaci\u00f3n, expuso c\u00f3mo las ventajas competitivas de Barranquilla y el Atl\u00e1ntico, y los nuevos proyectos en los que se trabaja en el territorio, son un mecanismo de atracci\u00f3n de inversiones, y un atractivo importante para nuestra oferta de ciudad y el desarrollo de nuevos negocios.<\/p>\n\n\t\t<\/div>\n\t<\/div>\n<div class=\"vc_separator wpb_content_element vc_separator_align_center vc_sep_width_100 vc_sep_pos_align_center vc_separator_no_text vc_sep_color_grey vc_custom_1667335014582  vc_custom_1667335014582\" ><span class=\"vc_sep_holder vc_sep_holder_l\"><span class=\"vc_sep_line\"><\/span><\/span><span class=\"vc_sep_holder vc_sep_holder_r\"><span class=\"vc_sep_line\"><\/span><\/span>\n<\/div>\n\t<div class=\"wpb_text_column wpb_content_element  vc_custom_1667335861646\" >\n\t\t<div class=\"wpb_wrapper\">\n\t\t\t<p><strong>Generamos espacios de relacionamiento con nuestros asociados\u00a0<\/strong><\/p>\n\n\t\t<\/div>\n\t<\/div>\n<div class=\"vc_separator wpb_content_element vc_separator_align_center vc_sep_width_100 vc_sep_pos_align_center vc_separator_no_text vc_sep_color_grey vc_custom_1667335014582  vc_custom_1667335014582\" ><span class=\"vc_sep_holder vc_sep_holder_l\"><span class=\"vc_sep_line\"><\/span><\/span><span class=\"vc_sep_holder vc_sep_holder_r\"><span class=\"vc_sep_line\"><\/span><\/span>\n<\/div>\n\t<div  class=\"wpb_single_image wpb_content_element vc_align_left\">\n\t\t\n\t\t<figure class=\"wpb_wrapper vc_figure\">\n\t\t\t<div class=\"vc_single_image-wrapper   vc_box_border_grey\"><img loading=\"lazy\" decoding=\"async\" width=\"1024\" height=\"768\" src=\"https:\/\/probarranquilla.org\/wp-content\/uploads\/2022\/11\/0cd783fc-9c6e-a954-1e10-825f45569b9b.jpeg\" class=\"vc_single_image-img attachment-full\" alt=\"\" title=\"0cd783fc-9c6e-a954-1e10-825f45569b9b\" srcset=\"https:\/\/probarranquilla.org\/wp-content\/uploads\/2022\/11\/0cd783fc-9c6e-a954-1e10-825f45569b9b.jpeg 1024w, https:\/\/probarranquilla.org\/wp-content\/uploads\/2022\/11\/0cd783fc-9c6e-a954-1e10-825f45569b9b-300x225.jpeg 300w, https:\/\/probarranquilla.org\/wp-content\/uploads\/2022\/11\/0cd783fc-9c6e-a954-1e10-825f45569b9b-768x576.jpeg 768w, https:\/\/probarranquilla.org\/wp-content\/uploads\/2022\/11\/0cd783fc-9c6e-a954-1e10-825f45569b9b-16x12.jpeg 16w, https:\/\/probarranquilla.org\/wp-content\/uploads\/2022\/11\/0cd783fc-9c6e-a954-1e10-825f45569b9b-800x600.jpeg 800w\" sizes=\"(max-width: 1024px) 100vw, 1024px\" \/><\/div>\n\t\t<\/figure>\n\t<\/div>\n\n\t<div class=\"wpb_text_column wpb_content_element  vc_custom_1667335920676\" >\n\t\t<div class=\"wpb_wrapper\">\n\t\t\t<p>Dando seguimiento a la serie de desayunos programados junto a nuestros asociados, disfrutamos de una nueva conversaci\u00f3n entorno a temas de territorio, trabajo colaborativo y avances en nuestra gesti\u00f3n de promoci\u00f3n de ciudad.<\/p>\n<p>Agradecemos a Arena del R\u00edo y a\u00a0Tatyana Orozco\u00a0por brindarnos este espacio.<\/p>\n\n\t\t<\/div>\n\t<\/div>\n<div class=\"vc_separator wpb_content_element vc_separator_align_center vc_sep_width_100 vc_sep_pos_align_center vc_separator_no_text vc_sep_color_grey vc_custom_1667335014582  vc_custom_1667335014582\" ><span class=\"vc_sep_holder vc_sep_holder_l\"><span class=\"vc_sep_line\"><\/span><\/span><span class=\"vc_sep_holder vc_sep_holder_r\"><span class=\"vc_sep_line\"><\/span><\/span>\n<\/div>\n\t<div class=\"wpb_text_column wpb_content_element  vc_custom_1667335960973\" >\n\t\t<div class=\"wpb_wrapper\">\n\t\t\t<p><strong>Participamos en un encuentro junto a varias agencias de promoci\u00f3n de inversi\u00f3n del pa\u00eds<\/strong><\/p>\n\n\t\t<\/div>\n\t<\/div>\n\n\t<div  class=\"wpb_single_image wpb_content_element vc_align_left\">\n\t\t\n\t\t<figure class=\"wpb_wrapper vc_figure\">\n\t\t\t<div class=\"vc_single_image-wrapper   vc_box_border_grey\"><img loading=\"lazy\" decoding=\"async\" width=\"1478\" height=\"1108\" src=\"https:\/\/probarranquilla.org\/wp-content\/uploads\/2022\/11\/85edfa30-38b6-a0cd-7cfe-e4814bf330bf.jpg\" class=\"vc_single_image-img attachment-full\" alt=\"full\" title=\"85edfa30-38b6-a0cd-7cfe-e4814bf330bf\" srcset=\"https:\/\/probarranquilla.org\/wp-content\/uploads\/2022\/11\/85edfa30-38b6-a0cd-7cfe-e4814bf330bf.jpg 1478w, https:\/\/probarranquilla.org\/wp-content\/uploads\/2022\/11\/85edfa30-38b6-a0cd-7cfe-e4814bf330bf-300x225.jpg 300w, https:\/\/probarranquilla.org\/wp-content\/uploads\/2022\/11\/85edfa30-38b6-a0cd-7cfe-e4814bf330bf-1024x768.jpg 1024w, https:\/\/probarranquilla.org\/wp-content\/uploads\/2022\/11\/85edfa30-38b6-a0cd-7cfe-e4814bf330bf-768x576.jpg 768w, https:\/\/probarranquilla.org\/wp-content\/uploads\/2022\/11\/85edfa30-38b6-a0cd-7cfe-e4814bf330bf-16x12.jpg 16w, https:\/\/probarranquilla.org\/wp-content\/uploads\/2022\/11\/85edfa30-38b6-a0cd-7cfe-e4814bf330bf-800x600.jpg 800w\" sizes=\"(max-width: 1478px) 100vw, 1478px\" \/><\/div>\n\t\t<\/figure>\n\t<\/div>\n\n\t<div class=\"wpb_text_column wpb_content_element  vc_custom_1667336020789\" >\n\t\t<div class=\"wpb_wrapper\">\n\t\t\t<p>Participamos en un encuentro junto a diferentes agencias regionales de promoci\u00f3n de inversi\u00f3n en Colombia, con el fin afianzar nuestras relaciones, crear estrategias en conjunto, y conversar acerca de tendencias globales de inversi\u00f3n y distintos temas de inter\u00e9s.<\/p>\n\n\t\t<\/div>\n\t<\/div>\n<div class=\"vc_separator wpb_content_element vc_separator_align_center vc_sep_width_100 vc_sep_pos_align_center vc_separator_no_text vc_sep_color_grey vc_custom_1667335014582  vc_custom_1667335014582\" ><span class=\"vc_sep_holder vc_sep_holder_l\"><span class=\"vc_sep_line\"><\/span><\/span><span class=\"vc_sep_holder vc_sep_holder_r\"><span class=\"vc_sep_line\"><\/span><\/span>\n<\/div>\n\t<div class=\"wpb_text_column wpb_content_element  vc_custom_1667336058142\" >\n\t\t<div class=\"wpb_wrapper\">\n\t\t\t<p><strong>Conoce el Bolet\u00edn de Indicadores Socioecon\u00f3micos del mes de septiembre 2022<\/strong><\/p>\n\n\t\t<\/div>\n\t<\/div>\n\n\t<div  class=\"wpb_single_image wpb_content_element vc_align_left\">\n\t\t\n\t\t<figure class=\"wpb_wrapper vc_figure\">\n\t\t\t<div class=\"vc_single_image-wrapper   vc_box_border_grey\"><img loading=\"lazy\" decoding=\"async\" width=\"555\" height=\"368\" src=\"https:\/\/probarranquilla.org\/wp-content\/uploads\/2022\/11\/7c5d4dc1-db33-b2a3-fb3f-6b5969842b46.png\" class=\"vc_single_image-img attachment-full\" alt=\"\" title=\"7c5d4dc1-db33-b2a3-fb3f-6b5969842b46\" srcset=\"https:\/\/probarranquilla.org\/wp-content\/uploads\/2022\/11\/7c5d4dc1-db33-b2a3-fb3f-6b5969842b46.png 555w, https:\/\/probarranquilla.org\/wp-content\/uploads\/2022\/11\/7c5d4dc1-db33-b2a3-fb3f-6b5969842b46-300x199.png 300w, https:\/\/probarranquilla.org\/wp-content\/uploads\/2022\/11\/7c5d4dc1-db33-b2a3-fb3f-6b5969842b46-18x12.png 18w\" sizes=\"(max-width: 555px) 100vw, 555px\" \/><\/div>\n\t\t<\/figure>\n\t<\/div>\n<div class=\"vc_btn3-container vc_btn3-inline vc_custom_1667336201024\" ><a style=\"background-color:#27388d; color:#ffffff;\" class=\"vc_general vc_btn3 vc_btn3-size-md vc_btn3-shape-rounded vc_btn3-style-custom\" href=\"https:\/\/probarranquilla.org\/boletin-socioeconomico\/\" title=\"\" target=\"_blank\">Descargar bolet\u00edn aqu\u00ed<\/a><\/div><div class=\"vc_separator wpb_content_element vc_separator_align_center vc_sep_width_100 vc_sep_pos_align_center vc_separator_no_text vc_sep_color_grey vc_custom_1667335014582  vc_custom_1667335014582\" ><span class=\"vc_sep_holder vc_sep_holder_l\"><span class=\"vc_sep_line\"><\/span><\/span><span class=\"vc_sep_holder vc_sep_holder_r\"><span class=\"vc_sep_line\"><\/span><\/span>\n<\/div>\n\t<div class=\"wpb_text_column wpb_content_element  vc_custom_1667336231541\" >\n\t\t<div class=\"wpb_wrapper\">\n\t\t\t<p><strong>\u00a1Participa en Caribe Biz Forum 2022!<\/strong><\/p>\n\n\t\t<\/div>\n\t<\/div>\n\n\t<div  class=\"wpb_single_image wpb_content_element vc_align_left\">\n\t\t\n\t\t<figure class=\"wpb_wrapper vc_figure\">\n\t\t\t<div class=\"vc_single_image-wrapper   vc_box_border_grey\"><img loading=\"lazy\" decoding=\"async\" width=\"1024\" height=\"512\" src=\"https:\/\/probarranquilla.org\/wp-content\/uploads\/2022\/11\/b6cab137-181b-494c-8678-e3d1841cb460.jpg\" class=\"vc_single_image-img attachment-full\" alt=\"\" title=\"b6cab137-181b-494c-8678-e3d1841cb460\" srcset=\"https:\/\/probarranquilla.org\/wp-content\/uploads\/2022\/11\/b6cab137-181b-494c-8678-e3d1841cb460.jpg 1024w, https:\/\/probarranquilla.org\/wp-content\/uploads\/2022\/11\/b6cab137-181b-494c-8678-e3d1841cb460-300x150.jpg 300w, https:\/\/probarranquilla.org\/wp-content\/uploads\/2022\/11\/b6cab137-181b-494c-8678-e3d1841cb460-768x384.jpg 768w, https:\/\/probarranquilla.org\/wp-content\/uploads\/2022\/11\/b6cab137-181b-494c-8678-e3d1841cb460-18x9.jpg 18w, https:\/\/probarranquilla.org\/wp-content\/uploads\/2022\/11\/b6cab137-181b-494c-8678-e3d1841cb460-800x400.jpg 800w\" sizes=\"(max-width: 1024px) 100vw, 1024px\" \/><\/div>\n\t\t<\/figure>\n\t<\/div>\n<div class=\"vc_separator wpb_content_element vc_separator_align_center vc_sep_width_100 vc_sep_pos_align_center vc_separator_no_text vc_sep_color_grey vc_custom_1667335014582  vc_custom_1667335014582\" ><span class=\"vc_sep_holder vc_sep_holder_l\"><span class=\"vc_sep_line\"><\/span><\/span><span class=\"vc_sep_holder vc_sep_holder_r\"><span class=\"vc_sep_line\"><\/span><\/span>\n<\/div>\n\t<div  class=\"wpb_single_image wpb_content_element vc_align_left  vc_custom_1667336370663\">\n\t\t\n\t\t<figure class=\"wpb_wrapper vc_figure\">\n\t\t\t<div class=\"vc_single_image-wrapper   vc_box_border_grey\"><img loading=\"lazy\" decoding=\"async\" width=\"543\" height=\"477\" src=\"https:\/\/probarranquilla.org\/wp-content\/uploads\/2022\/11\/1dfc23ff-362a-97cc-cdba-5a777c2eab1e.png\" class=\"vc_single_image-img attachment-full\" alt=\"\" title=\"1dfc23ff-362a-97cc-cdba-5a777c2eab1e\" srcset=\"https:\/\/probarranquilla.org\/wp-content\/uploads\/2022\/11\/1dfc23ff-362a-97cc-cdba-5a777c2eab1e.png 543w, https:\/\/probarranquilla.org\/wp-content\/uploads\/2022\/11\/1dfc23ff-362a-97cc-cdba-5a777c2eab1e-300x264.png 300w, https:\/\/probarranquilla.org\/wp-content\/uploads\/2022\/11\/1dfc23ff-362a-97cc-cdba-5a777c2eab1e-14x12.png 14w\" sizes=\"(max-width: 543px) 100vw, 543px\" \/><\/div>\n\t\t<\/figure>\n\t<\/div>\n<div class=\"vc_btn3-container vc_btn3-inline vc_custom_1667336409616\" ><a style=\"background-color:#27388d; color:#ffffff;\" class=\"vc_general vc_btn3 vc_btn3-size-md vc_btn3-shape-rounded vc_btn3-style-custom\" href=\"https:\/\/www.elcolombiano.com\/negocios\/el-turismo-la-nueva-apuesta-de-barranquilla-que-crecio-un-83-PH18867484\" title=\"\" target=\"_blank\">Lee la nota aqu\u00ed<\/a><\/div><\/div><\/div><\/div><\/div>\n<\/section>","protected":false},"excerpt":{"rendered":"<p>Participamos en el Barcelona New Economy Week, un evento organizado por el Consorci Barcelona Zona Franca, transmitido a toda Espa\u00f1a en un formato h\u00edbrido con altos est\u00e1ndares de producci\u00f3n.<\/p>","protected":false},"author":1,"featured_media":13909,"comment_status":"open","ping_status":"closed","sticky":false,"template":"","format":"standard","meta":{"_tec_requires_first_save":true,"_EventAllDay":false,"_EventTimezone":"","_EventStartDate":"","_EventEndDate":"","_EventStartDateUTC":"","_EventEndDateUTC":"","_EventShowMap":false,"_EventShowMapLink":false,"_EventURL":"","_EventCost":"","_EventCostDescription":"","_EventCurrencySymbol":"","_EventCurrencyCode":"","_EventCurrencyPosition":"","_EventDateTimeSeparator":"","_EventTimeRangeSeparator":"","_EventOrganizerID":[],"_EventVenueID":[],"_OrganizerEmail":"","_OrganizerPhone":"","_OrganizerWebsite":"","_VenueAddress":"","_VenueCity":"","_VenueCountry":"","_VenueProvince":"","_VenueState":"","_VenueZip":"","_VenuePhone":"","_VenueURL":"","_VenueStateProvince":"","_VenueLat":"","_VenueLng":"","_VenueShowMap":false,"_VenueShowMapLink":false,"_tribe_blocks_recurrence_rules":"","_tribe_blocks_recurrence_description":"","_tribe_blocks_recurrence_exclusions":"","footnotes":""},"categories":[257],"tags":[],"class_list":["post-13907","post","type-post","status-publish","format-standard","has-post-thumbnail","hentry","category-probarranquilla"],"acf":[],"yoast_head":"<!-- This site is optimized with the Yoast SEO plugin v27.5 - https:\/\/yoast.com\/product\/yoast-seo-wordpress\/ -->\n<title>ProBarranquilla te cuenta las buenas noticias de Barranquilla y el Atl\u00e1ntico | ProBarranquilla<\/title>\n<meta name=\"description\" content=\"Los proyectos de inversi\u00f3n instalados en Barranquilla y el Atl\u00e1ntico han generado 1.379 empleos durante el primer semestre de 2022.\" \/>\n<meta name=\"robots\" content=\"index, follow, max-snippet:-1, max-image-preview:large, max-video-preview:-1\" \/>\n<link rel=\"canonical\" href=\"https:\/\/probarranquilla.org\/en\/probarranquilla-te-cuenta-las-buenas-noticias-de-barranquilla-y-el-atlantico\/\" \/>\n<meta property=\"og:locale\" content=\"en_US\" \/>\n<meta property=\"og:type\" content=\"article\" \/>\n<meta property=\"og:title\" content=\"ProBarranquilla\" \/>\n<meta property=\"og:description\" content=\"Los proyectos de inversi\u00f3n instalados en Barranquilla y el Atl\u00e1ntico han generado 1.379 empleos durante el primer semestre de 2022.\" \/>\n<meta property=\"og:url\" content=\"https:\/\/probarranquilla.org\/en\/probarranquilla-te-cuenta-las-buenas-noticias-de-barranquilla-y-el-atlantico\/\" \/>\n<meta property=\"og:site_name\" content=\"ProBarranquilla\" \/>\n<meta property=\"article:publisher\" content=\"https:\/\/www.facebook.com\/ProBarranquilla\/\" \/>\n<meta property=\"article:published_time\" content=\"2022-11-01T20:26:00+00:00\" \/>\n<meta property=\"article:modified_time\" content=\"2022-11-24T21:35:58+00:00\" \/>\n<meta property=\"og:image\" content=\"https:\/\/probarranquilla.org\/wp-content\/uploads\/2022\/10\/ProBarranquilla-lidera-la-mision-comercial-exploratoria-de-oportunidades-de-inversion-en-Mexico.jpg\" \/>\n\t<meta property=\"og:image:width\" content=\"800\" \/>\n\t<meta property=\"og:image:height\" content=\"440\" \/>\n\t<meta property=\"og:image:type\" content=\"image\/jpeg\" \/>\n<meta name=\"author\" content=\"probaqadmin\" \/>\n<meta name=\"twitter:card\" content=\"summary_large_image\" \/>\n<meta name=\"twitter:image\" content=\"https:\/\/probarranquilla.org\/wp-content\/uploads\/2022\/10\/ProBarranquilla-lidera-la-mision-comercial-exploratoria-de-oportunidades-de-inversion-en-Mexico.jpg\" \/>\n<meta name=\"twitter:creator\" content=\"@ProBaq\" \/>\n<meta name=\"twitter:site\" content=\"@ProBaq\" \/>\n<meta name=\"twitter:label1\" content=\"Written by\" \/>\n\t<meta name=\"twitter:data1\" content=\"probaqadmin\" \/>\n\t<meta name=\"twitter:label2\" content=\"Est. reading time\" \/>\n\t<meta name=\"twitter:data2\" content=\"4 minutes\" \/>\n<script type=\"application\/ld+json\" class=\"yoast-schema-graph\">{\"@context\":\"https:\\\/\\\/schema.org\",\"@graph\":[{\"@type\":\"Article\",\"@id\":\"https:\\\/\\\/probarranquilla.org\\\/probarranquilla-te-cuenta-las-buenas-noticias-de-barranquilla-y-el-atlantico\\\/#article\",\"isPartOf\":{\"@id\":\"https:\\\/\\\/probarranquilla.org\\\/probarranquilla-te-cuenta-las-buenas-noticias-de-barranquilla-y-el-atlantico\\\/\"},\"author\":{\"name\":\"probaqadmin\",\"@id\":\"https:\\\/\\\/probarranquilla.org\\\/#\\\/schema\\\/person\\\/ee5fd2ee07cd9d478b17accfd158d71d\"},\"headline\":\"ProBarranquilla te cuenta las buenas noticias de Barranquilla y el Atl\u00e1ntico\",\"datePublished\":\"2022-11-01T20:26:00+00:00\",\"dateModified\":\"2022-11-24T21:35:58+00:00\",\"mainEntityOfPage\":{\"@id\":\"https:\\\/\\\/probarranquilla.org\\\/probarranquilla-te-cuenta-las-buenas-noticias-de-barranquilla-y-el-atlantico\\\/\"},\"wordCount\":1256,\"commentCount\":0,\"publisher\":{\"@id\":\"https:\\\/\\\/probarranquilla.org\\\/#organization\"},\"image\":{\"@id\":\"https:\\\/\\\/probarranquilla.org\\\/probarranquilla-te-cuenta-las-buenas-noticias-de-barranquilla-y-el-atlantico\\\/#primaryimage\"},\"thumbnailUrl\":\"https:\\\/\\\/probarranquilla.org\\\/wp-content\\\/uploads\\\/2022\\\/11\\\/nueva-noticia.jpg\",\"articleSection\":[\"ProBarranquilla\"],\"inLanguage\":\"en-US\",\"potentialAction\":[{\"@type\":\"CommentAction\",\"name\":\"Comment\",\"target\":[\"https:\\\/\\\/probarranquilla.org\\\/probarranquilla-te-cuenta-las-buenas-noticias-de-barranquilla-y-el-atlantico\\\/#respond\"]}]},{\"@type\":\"WebPage\",\"@id\":\"https:\\\/\\\/probarranquilla.org\\\/probarranquilla-te-cuenta-las-buenas-noticias-de-barranquilla-y-el-atlantico\\\/\",\"url\":\"https:\\\/\\\/probarranquilla.org\\\/probarranquilla-te-cuenta-las-buenas-noticias-de-barranquilla-y-el-atlantico\\\/\",\"name\":\"ProBarranquilla te cuenta las buenas noticias de Barranquilla y el Atl\u00e1ntico | ProBarranquilla\",\"isPartOf\":{\"@id\":\"https:\\\/\\\/probarranquilla.org\\\/#website\"},\"primaryImageOfPage\":{\"@id\":\"https:\\\/\\\/probarranquilla.org\\\/probarranquilla-te-cuenta-las-buenas-noticias-de-barranquilla-y-el-atlantico\\\/#primaryimage\"},\"image\":{\"@id\":\"https:\\\/\\\/probarranquilla.org\\\/probarranquilla-te-cuenta-las-buenas-noticias-de-barranquilla-y-el-atlantico\\\/#primaryimage\"},\"thumbnailUrl\":\"https:\\\/\\\/probarranquilla.org\\\/wp-content\\\/uploads\\\/2022\\\/11\\\/nueva-noticia.jpg\",\"datePublished\":\"2022-11-01T20:26:00+00:00\",\"dateModified\":\"2022-11-24T21:35:58+00:00\",\"description\":\"Los proyectos de inversi\u00f3n instalados en Barranquilla y el Atl\u00e1ntico han generado 1.379 empleos durante el primer semestre de 2022.\",\"breadcrumb\":{\"@id\":\"https:\\\/\\\/probarranquilla.org\\\/probarranquilla-te-cuenta-las-buenas-noticias-de-barranquilla-y-el-atlantico\\\/#breadcrumb\"},\"inLanguage\":\"en-US\",\"potentialAction\":[{\"@type\":\"ReadAction\",\"target\":[\"https:\\\/\\\/probarranquilla.org\\\/probarranquilla-te-cuenta-las-buenas-noticias-de-barranquilla-y-el-atlantico\\\/\"]}]},{\"@type\":\"ImageObject\",\"inLanguage\":\"en-US\",\"@id\":\"https:\\\/\\\/probarranquilla.org\\\/probarranquilla-te-cuenta-las-buenas-noticias-de-barranquilla-y-el-atlantico\\\/#primaryimage\",\"url\":\"https:\\\/\\\/probarranquilla.org\\\/wp-content\\\/uploads\\\/2022\\\/11\\\/nueva-noticia.jpg\",\"contentUrl\":\"https:\\\/\\\/probarranquilla.org\\\/wp-content\\\/uploads\\\/2022\\\/11\\\/nueva-noticia.jpg\",\"width\":800,\"height\":440},{\"@type\":\"BreadcrumbList\",\"@id\":\"https:\\\/\\\/probarranquilla.org\\\/probarranquilla-te-cuenta-las-buenas-noticias-de-barranquilla-y-el-atlantico\\\/#breadcrumb\",\"itemListElement\":[{\"@type\":\"ListItem\",\"position\":1,\"name\":\"Inicio\",\"item\":\"https:\\\/\\\/probarranquilla.org\\\/\"},{\"@type\":\"ListItem\",\"position\":2,\"name\":\"ProBarranquilla\",\"item\":\"https:\\\/\\\/probarranquilla.org\\\/category\\\/probarranquilla\\\/\"},{\"@type\":\"ListItem\",\"position\":3,\"name\":\"ProBarranquilla te cuenta las buenas noticias de Barranquilla y el Atl\u00e1ntico\"}]},{\"@type\":\"WebSite\",\"@id\":\"https:\\\/\\\/probarranquilla.org\\\/#website\",\"url\":\"https:\\\/\\\/probarranquilla.org\\\/\",\"name\":\"ProBarranquilla\",\"description\":\"ProBarranquilla\",\"publisher\":{\"@id\":\"https:\\\/\\\/probarranquilla.org\\\/#organization\"},\"potentialAction\":[{\"@type\":\"SearchAction\",\"target\":{\"@type\":\"EntryPoint\",\"urlTemplate\":\"https:\\\/\\\/probarranquilla.org\\\/?s={search_term_string}\"},\"query-input\":{\"@type\":\"PropertyValueSpecification\",\"valueRequired\":true,\"valueName\":\"search_term_string\"}}],\"inLanguage\":\"en-US\"},{\"@type\":\"Organization\",\"@id\":\"https:\\\/\\\/probarranquilla.org\\\/#organization\",\"name\":\"ProBarranquilla\",\"url\":\"https:\\\/\\\/probarranquilla.org\\\/\",\"logo\":{\"@type\":\"ImageObject\",\"inLanguage\":\"en-US\",\"@id\":\"https:\\\/\\\/probarranquilla.org\\\/#\\\/schema\\\/logo\\\/image\\\/\",\"url\":\"https:\\\/\\\/9pcc8a.p3cdn1.secureserver.net\\\/wp-content\\\/uploads\\\/2022\\\/08\\\/redes-sociales-probaq-1.png?time=1669419395\",\"contentUrl\":\"https:\\\/\\\/9pcc8a.p3cdn1.secureserver.net\\\/wp-content\\\/uploads\\\/2022\\\/08\\\/redes-sociales-probaq-1.png?time=1669419395\",\"width\":500,\"height\":250,\"caption\":\"ProBarranquilla\"},\"image\":{\"@id\":\"https:\\\/\\\/probarranquilla.org\\\/#\\\/schema\\\/logo\\\/image\\\/\"},\"sameAs\":[\"https:\\\/\\\/www.facebook.com\\\/ProBarranquilla\\\/\",\"https:\\\/\\\/x.com\\\/ProBaq\"]},{\"@type\":\"Person\",\"@id\":\"https:\\\/\\\/probarranquilla.org\\\/#\\\/schema\\\/person\\\/ee5fd2ee07cd9d478b17accfd158d71d\",\"name\":\"probaqadmin\",\"image\":{\"@type\":\"ImageObject\",\"inLanguage\":\"en-US\",\"@id\":\"https:\\\/\\\/secure.gravatar.com\\\/avatar\\\/f044e48f3a9c4d19792b48b4861bb40b44e9768b376808eb6f6eb1dfe7ff7349?s=96&d=mm&r=g\",\"url\":\"https:\\\/\\\/secure.gravatar.com\\\/avatar\\\/f044e48f3a9c4d19792b48b4861bb40b44e9768b376808eb6f6eb1dfe7ff7349?s=96&d=mm&r=g\",\"contentUrl\":\"https:\\\/\\\/secure.gravatar.com\\\/avatar\\\/f044e48f3a9c4d19792b48b4861bb40b44e9768b376808eb6f6eb1dfe7ff7349?s=96&d=mm&r=g\",\"caption\":\"probaqadmin\"},\"sameAs\":[\"https:\\\/\\\/probarranquilla.org\\\/\"],\"url\":\"https:\\\/\\\/probarranquilla.org\\\/en\\\/author\\\/probaqadmin\\\/\"}]}<\/script>\n<!-- \/ Yoast SEO plugin. -->","yoast_head_json":{"title":"ProBarranquilla te cuenta las buenas noticias de Barranquilla y el Atl\u00e1ntico | ProBarranquilla","description":"The investment projects installed in Barranquilla and the Atlantic have generated 1,379 jobs during the first half of 2022.","robots":{"index":"index","follow":"follow","max-snippet":"max-snippet:-1","max-image-preview":"max-image-preview:large","max-video-preview":"max-video-preview:-1"},"canonical":"https:\/\/probarranquilla.org\/en\/probarranquilla-te-cuenta-las-buenas-noticias-de-barranquilla-y-el-atlantico\/","og_locale":"en_US","og_type":"article","og_title":"ProBarranquilla","og_description":"Los proyectos de inversi\u00f3n instalados en Barranquilla y el Atl\u00e1ntico han generado 1.379 empleos durante el primer semestre de 2022.","og_url":"https:\/\/probarranquilla.org\/en\/probarranquilla-te-cuenta-las-buenas-noticias-de-barranquilla-y-el-atlantico\/","og_site_name":"ProBarranquilla","article_publisher":"https:\/\/www.facebook.com\/ProBarranquilla\/","article_published_time":"2022-11-01T20:26:00+00:00","article_modified_time":"2022-11-24T21:35:58+00:00","og_image":[{"width":800,"height":440,"url":"https:\/\/probarranquilla.org\/wp-content\/uploads\/2022\/10\/ProBarranquilla-lidera-la-mision-comercial-exploratoria-de-oportunidades-de-inversion-en-Mexico.jpg","type":"image\/jpeg"}],"author":"probaqadmin","twitter_card":"summary_large_image","twitter_image":"https:\/\/probarranquilla.org\/wp-content\/uploads\/2022\/10\/ProBarranquilla-lidera-la-mision-comercial-exploratoria-de-oportunidades-de-inversion-en-Mexico.jpg","twitter_creator":"@ProBaq","twitter_site":"@ProBaq","twitter_misc":{"Written by":"probaqadmin","Est. reading time":"4 minutes"},"schema":{"@context":"https:\/\/schema.org","@graph":[{"@type":"Article","@id":"https:\/\/probarranquilla.org\/probarranquilla-te-cuenta-las-buenas-noticias-de-barranquilla-y-el-atlantico\/#article","isPartOf":{"@id":"https:\/\/probarranquilla.org\/probarranquilla-te-cuenta-las-buenas-noticias-de-barranquilla-y-el-atlantico\/"},"author":{"name":"probaqadmin","@id":"https:\/\/probarranquilla.org\/#\/schema\/person\/ee5fd2ee07cd9d478b17accfd158d71d"},"headline":"ProBarranquilla te cuenta las buenas noticias de Barranquilla y el Atl\u00e1ntico","datePublished":"2022-11-01T20:26:00+00:00","dateModified":"2022-11-24T21:35:58+00:00","mainEntityOfPage":{"@id":"https:\/\/probarranquilla.org\/probarranquilla-te-cuenta-las-buenas-noticias-de-barranquilla-y-el-atlantico\/"},"wordCount":1256,"commentCount":0,"publisher":{"@id":"https:\/\/probarranquilla.org\/#organization"},"image":{"@id":"https:\/\/probarranquilla.org\/probarranquilla-te-cuenta-las-buenas-noticias-de-barranquilla-y-el-atlantico\/#primaryimage"},"thumbnailUrl":"https:\/\/probarranquilla.org\/wp-content\/uploads\/2022\/11\/nueva-noticia.jpg","articleSection":["ProBarranquilla"],"inLanguage":"en-US","potentialAction":[{"@type":"CommentAction","name":"Comment","target":["https:\/\/probarranquilla.org\/probarranquilla-te-cuenta-las-buenas-noticias-de-barranquilla-y-el-atlantico\/#respond"]}]},{"@type":"WebPage","@id":"https:\/\/probarranquilla.org\/probarranquilla-te-cuenta-las-buenas-noticias-de-barranquilla-y-el-atlantico\/","url":"https:\/\/probarranquilla.org\/probarranquilla-te-cuenta-las-buenas-noticias-de-barranquilla-y-el-atlantico\/","name":"ProBarranquilla te cuenta las buenas noticias de Barranquilla y el Atl\u00e1ntico | ProBarranquilla","isPartOf":{"@id":"https:\/\/probarranquilla.org\/#website"},"primaryImageOfPage":{"@id":"https:\/\/probarranquilla.org\/probarranquilla-te-cuenta-las-buenas-noticias-de-barranquilla-y-el-atlantico\/#primaryimage"},"image":{"@id":"https:\/\/probarranquilla.org\/probarranquilla-te-cuenta-las-buenas-noticias-de-barranquilla-y-el-atlantico\/#primaryimage"},"thumbnailUrl":"https:\/\/probarranquilla.org\/wp-content\/uploads\/2022\/11\/nueva-noticia.jpg","datePublished":"2022-11-01T20:26:00+00:00","dateModified":"2022-11-24T21:35:58+00:00","description":"The investment projects installed in Barranquilla and the Atlantic have generated 1,379 jobs during the first half of 2022.","breadcrumb":{"@id":"https:\/\/probarranquilla.org\/probarranquilla-te-cuenta-las-buenas-noticias-de-barranquilla-y-el-atlantico\/#breadcrumb"},"inLanguage":"en-US","potentialAction":[{"@type":"ReadAction","target":["https:\/\/probarranquilla.org\/probarranquilla-te-cuenta-las-buenas-noticias-de-barranquilla-y-el-atlantico\/"]}]},{"@type":"ImageObject","inLanguage":"en-US","@id":"https:\/\/probarranquilla.org\/probarranquilla-te-cuenta-las-buenas-noticias-de-barranquilla-y-el-atlantico\/#primaryimage","url":"https:\/\/probarranquilla.org\/wp-content\/uploads\/2022\/11\/nueva-noticia.jpg","contentUrl":"https:\/\/probarranquilla.org\/wp-content\/uploads\/2022\/11\/nueva-noticia.jpg","width":800,"height":440},{"@type":"BreadcrumbList","@id":"https:\/\/probarranquilla.org\/probarranquilla-te-cuenta-las-buenas-noticias-de-barranquilla-y-el-atlantico\/#breadcrumb","itemListElement":[{"@type":"ListItem","position":1,"name":"Inicio","item":"https:\/\/probarranquilla.org\/"},{"@type":"ListItem","position":2,"name":"ProBarranquilla","item":"https:\/\/probarranquilla.org\/category\/probarranquilla\/"},{"@type":"ListItem","position":3,"name":"ProBarranquilla te cuenta las buenas noticias de Barranquilla y el Atl\u00e1ntico"}]},{"@type":"WebSite","@id":"https:\/\/probarranquilla.org\/#website","url":"https:\/\/probarranquilla.org\/","name":"ProBarranquilla","description":"ProBarranquilla","publisher":{"@id":"https:\/\/probarranquilla.org\/#organization"},"potentialAction":[{"@type":"SearchAction","target":{"@type":"EntryPoint","urlTemplate":"https:\/\/probarranquilla.org\/?s={search_term_string}"},"query-input":{"@type":"PropertyValueSpecification","valueRequired":true,"valueName":"search_term_string"}}],"inLanguage":"en-US"},{"@type":"Organization","@id":"https:\/\/probarranquilla.org\/#organization","name":"ProBarranquilla","url":"https:\/\/probarranquilla.org\/","logo":{"@type":"ImageObject","inLanguage":"en-US","@id":"https:\/\/probarranquilla.org\/#\/schema\/logo\/image\/","url":"https:\/\/9pcc8a.p3cdn1.secureserver.net\/wp-content\/uploads\/2022\/08\/redes-sociales-probaq-1.png?time=1669419395","contentUrl":"https:\/\/9pcc8a.p3cdn1.secureserver.net\/wp-content\/uploads\/2022\/08\/redes-sociales-probaq-1.png?time=1669419395","width":500,"height":250,"caption":"ProBarranquilla"},"image":{"@id":"https:\/\/probarranquilla.org\/#\/schema\/logo\/image\/"},"sameAs":["https:\/\/www.facebook.com\/ProBarranquilla\/","https:\/\/x.com\/ProBaq"]},{"@type":"Person","@id":"https:\/\/probarranquilla.org\/#\/schema\/person\/ee5fd2ee07cd9d478b17accfd158d71d","name":"probaqadmin","image":{"@type":"ImageObject","inLanguage":"en-US","@id":"https:\/\/secure.gravatar.com\/avatar\/f044e48f3a9c4d19792b48b4861bb40b44e9768b376808eb6f6eb1dfe7ff7349?s=96&d=mm&r=g","url":"https:\/\/secure.gravatar.com\/avatar\/f044e48f3a9c4d19792b48b4861bb40b44e9768b376808eb6f6eb1dfe7ff7349?s=96&d=mm&r=g","contentUrl":"https:\/\/secure.gravatar.com\/avatar\/f044e48f3a9c4d19792b48b4861bb40b44e9768b376808eb6f6eb1dfe7ff7349?s=96&d=mm&r=g","caption":"probaqadmin"},"sameAs":["https:\/\/probarranquilla.org\/"],"url":"https:\/\/probarranquilla.org\/en\/author\/probaqadmin\/"}]}},"_links":{"self":[{"href":"https:\/\/probarranquilla.org\/en\/wp-json\/wp\/v2\/posts\/13907","targetHints":{"allow":["GET"]}}],"collection":[{"href":"https:\/\/probarranquilla.org\/en\/wp-json\/wp\/v2\/posts"}],"about":[{"href":"https:\/\/probarranquilla.org\/en\/wp-json\/wp\/v2\/types\/post"}],"author":[{"embeddable":true,"href":"https:\/\/probarranquilla.org\/en\/wp-json\/wp\/v2\/users\/1"}],"replies":[{"embeddable":true,"href":"https:\/\/probarranquilla.org\/en\/wp-json\/wp\/v2\/comments?post=13907"}],"version-history":[{"count":0,"href":"https:\/\/probarranquilla.org\/en\/wp-json\/wp\/v2\/posts\/13907\/revisions"}],"wp:featuredmedia":[{"embeddable":true,"href":"https:\/\/probarranquilla.org\/en\/wp-json\/wp\/v2\/media\/13909"}],"wp:attachment":[{"href":"https:\/\/probarranquilla.org\/en\/wp-json\/wp\/v2\/media?parent=13907"}],"wp:term":[{"taxonomy":"category","embeddable":true,"href":"https:\/\/probarranquilla.org\/en\/wp-json\/wp\/v2\/categories?post=13907"},{"taxonomy":"post_tag","embeddable":true,"href":"https:\/\/probarranquilla.org\/en\/wp-json\/wp\/v2\/tags?post=13907"}],"curies":[{"name":"wp","href":"https:\/\/api.w.org\/{rel}","templated":true}]}}